{"id":1427,"date":"2021-01-13T19:43:34","date_gmt":"2021-01-13T19:43:34","guid":{"rendered":"https:\/\/wattstor.com\/?p=1427"},"modified":"2025-09-11T12:31:17","modified_gmt":"2025-09-11T12:31:17","slug":"wattstor-oznamuje-jmenovani-stephana-martyho-novym-generalnim-reditelem","status":"publish","type":"post","link":"https:\/\/wattstor.com\/cs\/insight\/wattstor-oznamuje-jmenovani-stephana-martyho-novym-generalnim-reditelem\/","title":{"rendered":"Spole\u010dnost Wattstor oznamuje jmenov\u00e1n\u00ed Stephana Martyho nov\u00fdm gener\u00e1ln\u00edm \u0159editelem"},"content":{"rendered":"<h2><strong>Stephan Marty je nov\u00fdm gener\u00e1ln\u00edm \u0159editelem spole\u010dnosti Wattstor<\/strong><\/h2>\n<p>Spole\u010dnost Wattstor s\u00a0radost\u00ed oznamuje jmenov\u00e1n\u00ed Stephana Martyho nov\u00fdm gener\u00e1ln\u00edm \u0159editelem.<\/p>\n<p>Stephan p\u0159ich\u00e1z\u00ed do spole\u010dnosti Wattstor s\u00a0v\u00edce ne\u017e 20let\u00fdmi zku\u0161enostmi v\u00a0energetick\u00e9m pr\u016fmyslu. Jeho c\u00edlem je vyu\u017e\u00edt prvot\u0159\u00eddn\u00ed odborn\u00e9 znalosti a\u00a0technologie spole\u010dnosti Wattstor, k z\u00edsk\u00e1n\u00ed postaven\u00ed l\u00eddra na trhu v\u00a0oblasti optimalizace bateriov\u00fdch \u00falo\u017ei\u0161\u0165, distribuovan\u00fdch energetick\u00fdch zdroj\u016f a\u00a0inteligentn\u00edch spot\u0159ebi\u010d\u016f neboli chytr\u00e9 z\u00e1t\u011b\u017ee. To v\u0161e v\u00a0\u010d\u00edm d\u00e1l propracovan\u011bj\u0161\u00edch prost\u0159ed\u00edch v\u00fdroby energie z\u00a0obnoviteln\u00fdch zdroj\u016f v\u00a0m\u00edst\u011b spot\u0159eby (behind-the-meter). Technologie \u0159\u00edzen\u00ed energie spole\u010dnosti Wattstor a\u00a0dob\u0159e integrovan\u00e9 syst\u00e9my bateriov\u00fdch \u00falo\u017ei\u0161\u0165 ji\u017e nyn\u00ed umo\u017e\u0148uj\u00ed komer\u010dn\u00edm a\u00a0pr\u016fmyslov\u00fdm podnik\u016fm a\u00a0m\u00edstn\u00edm komunit\u00e1m optimalizovat m\u00edstn\u00ed energetick\u00e9 zdroje pro maxim\u00e1ln\u00ed udr\u017eitelnost a\u00a0ekonomick\u00fd dopad.<\/p>\n<p>Stephan p\u0159ich\u00e1z\u00ed do spole\u010dnosti Wattstor z\u00a0pozice obchodn\u00edho \u0159editele (Chief Commercial Officer) ve spole\u010dnosti Kiwi Power. Zde zalo\u017eil a\u00a0\u0159\u00eddil glob\u00e1ln\u00ed podnik\u00e1n\u00ed spole\u010dnosti Kiwi v\u00a0oblasti virtu\u00e1ln\u00ed elektr\u00e1rny (Virtual Power Plant, VPP) jako slu\u017eby (Software-as-a-Service, SaaS). M\u00e1 rozs\u00e1hl\u00e9 zku\u0161enosti v\u00a0oblasti distribuovan\u00fdch energetick\u00fdch zdroj\u016f, se vstupem na trhy i\u00a0r\u016fstem podnik\u00e1n\u00ed za \u00fa\u010delem z\u00edsk\u00e1n\u00ed p\u0159edn\u00edho postaven\u00ed.<\/p>\n<p>Stephan se ke sv\u00e9mu jmenov\u00e1n\u00ed vyj\u00e1d\u0159il takto:<\/p>\n<blockquote><p><strong>\u201eVelice m\u011b t\u011b\u0161\u00ed, \u017ee se mohu p\u0159ipojit k\u00a0dynamick\u00e9mu t\u00fdmu spole\u010dnosti Wattstor. Spole\u010dn\u011b <\/strong><strong>m\u011bn\u00edme sv\u011bt k\u00a0lep\u0161\u00edmu, bojujeme<\/strong><strong> proti klimatick\u00fdm zm\u011bn\u00e1m <\/strong><strong>a pracujeme na dosa\u017een\u00ed p\u0159ijateln\u011bj\u0161\u00edch n\u00e1klad\u016f na energie.<\/strong><strong> V\u00a0energetick\u00e9m pr\u016fmyslu p\u016fsob\u00edm ji\u017e dlouho, ale za posledn\u00ed desetilet\u00ed jsme zaznamenali dramatick\u00e9 zm\u011bny. Nicm\u00e9n\u011b to se ned\u00e1 srovnat se zm\u011bnami, kter\u00e9 n\u00e1s<\/strong><strong> je\u0161t\u011b <\/strong><strong>\u010dekaj\u00ed v\u00a0p\u0159\u00ed\u0161t\u00edch 10-20 letech. Je toho mnoho, co je t\u0159eba ud\u011blat, abychom splnili <\/strong><strong>celospole\u010densk\u00fd c\u00edl, kter\u00fdm je dosa\u017een\u00ed <\/strong><strong>uhl\u00edkov\u00e9 neutrality. Spole\u010dnost Wattstor m\u00e1 velmi dobr\u00e9 postaven\u00ed <\/strong><strong>na to, <\/strong><strong>aby mohla hr\u00e1t kl\u00ed\u010dovou roli v\u00a0t\u011bchto turbulentn\u00edch \u010dasech. T\u011b\u0161\u00edm se, \u017ee p\u0159isp\u011bji k\u00a0jej\u00edmu \u00fasp\u011bchu.\u201c<\/strong><\/p><\/blockquote>\n<p>Stephan pl\u00e1nuje roz\u0161\u00ed\u0159it t\u00fdm spole\u010dnosti Wattstor, aby mohla uspokojovat pot\u0159eby komer\u010dn\u00edch a\u00a0pr\u016fmyslov\u00fdch podnik\u016f ve Velk\u00e9 Brit\u00e1nii i\u00a0v\u00a0Evrop\u011b. Hodl\u00e1 p\u0159edstavit\u00a0<a href=\"https:\/\/wattstor.com\/cs\/bateriove-uloziste\/\"><strong>ukl\u00e1d\u00e1n\u00ed energie<\/strong><\/a> v\u00a0m\u00edst\u011b spot\u0159eby a\u00a0jeho optimalizaci nov\u00e9mu je\u0161t\u011b \u0161ir\u0161\u00edmu publiku.<\/p>\n<h2>Pro\u010d je ukl\u00e1d\u00e1n\u00ed energie d\u016fle\u017eit\u00e9<\/h2>\n<p>Komer\u010dn\u00ed a pr\u016fmyslov\u00e9 spole\u010dnosti zav\u00e1d\u011bj\u00ed \u00falo\u017ei\u0161t\u011b energie v m\u00edst\u011b spot\u0159eby za \u00fa\u010delem:<\/p>\n<ul>\n<li>\u0159\u00edzen\u00ed odb\u011bru energie b\u011bhem nejvy\u0161\u0161\u00ed popt\u00e1vky,<\/li>\n<li>odlo\u017een\u00ed spot\u0159eby energie a<\/li>\n<li>zv\u00fd\u0161en\u00ed odolnosti s\u00edt\u011b.<\/li>\n<\/ul>\n<p>Tyto syst\u00e9my optimalizuj\u00ed n\u00e1klady na energii ukl\u00e1d\u00e1n\u00edm elekt\u0159iny v pr\u016fb\u011bhu mimo\u0161pi\u010dkov\u00fdch hodin a jej\u00ed spot\u0159ebou z bateriov\u00e9ho \u00falo\u017ei\u0161t\u011b b\u011bhem obdob\u00ed vysok\u00e9 popt\u00e1vky, co\u017e sni\u017euje celkov\u00e9 v\u00fddaje. Ukl\u00e1d\u00e1n\u00ed energie v m\u00edst\u011b spot\u0159eby podporuje integraci obnoviteln\u00fdch zdroj\u016f energie a zaji\u0161\u0165uje spolehlivou dod\u00e1vku energie i b\u011bhem v\u00fdpadk\u016f s\u00edt\u011b.<\/p>\n<p>Krom\u011b toho poskytuj\u00ed bateriov\u00e9 \u00falo\u017ei\u0161t\u011b tak\u00e9 z\u00e1lo\u017en\u00ed zdroj energie, podporu nap\u011bt\u00ed v s\u00edti a vy\u0161\u0161\u00ed kvalitu energie, co\u017e prosp\u00edv\u00e1 i citliv\u00e9mu pr\u016fmyslov\u00e9mu za\u0159\u00edzen\u00ed. \u00da\u010dast v programech, kter\u00e9 reaguj\u00ed na popt\u00e1vku za\u010d\u00edn\u00e1 b\u00fdt v\u00edce dostupn\u00e1 a sk\u00fdt\u00e1 i finan\u010dn\u00ed pob\u00eddky. Ukl\u00e1d\u00e1n\u00ed energie v m\u00edst\u011b spot\u0159eby celkov\u011b zvy\u0161uje provozn\u00ed efektivitu, sni\u017euje emise uhl\u00edku a podporuje udr\u017eitelnost, a tak si podniky osvojuj\u00ed n\u00e1kladov\u011b efektivn\u00ed a ekologicky uv\u011bdom\u011bl\u00e9 postupy \u0159\u00edzen\u00ed energie.<\/p>\n<p>Stephan Marty nov\u00fdm gener\u00e1ln\u00edm \u0159editelem spole\u010dnosti Wattstor<\/p>\n","protected":false},"excerpt":{"rendered":"<p>Stephan Marty je nov\u00fdm gener\u00e1ln\u00edm \u0159editelem spole\u010dnosti Wattstor Spole\u010dnost Wattstor s\u00a0radost\u00ed oznamuje jmenov\u00e1n\u00ed Stephana Martyho nov\u00fdm gener\u00e1ln\u00edm \u0159editelem. Stephan p\u0159ich\u00e1z\u00ed do spole\u010dnosti Wattstor s\u00a0v\u00edce ne\u017e 20let\u00fdmi zku\u0161enostmi v\u00a0energetick\u00e9m <a href=\"https:\/\/wattstor.com\/cs\/insight\/wattstor-oznamuje-jmenovani-stephana-martyho-novym-generalnim-reditelem\/\" class=\"more-link\">&#8230;<span class=\"screen-reader-text\">  Spole\u010dnost Wattstor oznamuje jmenov\u00e1n\u00ed Stephana Martyho nov\u00fdm gener\u00e1ln\u00edm \u0159editelem<\/span><\/a><\/p>\n","protected":false},"author":16,"featured_media":1328,"comment_status":"open","ping_status":"open","sticky":false,"template":"","format":"standard","meta":{"_acf_changed":false,"inline_featured_image":false,"footnotes":""},"categories":[202],"tags":[],"class_list":["post-1427","post","type-post","status-publish","format-standard","has-post-thumbnail","hentry","category-novinky"],"acf":[],"yoast_head":"<!-- This site is optimized with the Yoast SEO plugin v27.4 - https:\/\/yoast.com\/product\/yoast-seo-wordpress\/ -->\n<title>Stephan Marty je nov\u00fdm gener\u00e1ln\u00edm \u0159editelem spole\u010dnosti Wattstor<\/title>\n<meta name=\"description\" content=\"Stephan Marty p\u0159ich\u00e1z\u00ed do spole\u010dnosti Wattstor na pozici gener\u00e1ln\u00edho \u0159editele s\u00a0v\u00edce ne\u017e 20let\u00fdmi zku\u0161enostmi v\u00a0energetick\u00e9m pr\u016fmyslu.\" \/>\n<meta name=\"robots\" content=\"index, follow, max-snippet:-1, max-image-preview:large, max-video-preview:-1\" \/>\n<link rel=\"canonical\" href=\"https:\/\/wattstor.com\/cs\/insight\/wattstor-oznamuje-jmenovani-stephana-martyho-novym-generalnim-reditelem\/\" \/>\n<meta property=\"og:locale\" content=\"cs_CZ\" \/>\n<meta property=\"og:type\" content=\"article\" \/>\n<meta property=\"og:title\" content=\"Stephan Marty je nov\u00fdm gener\u00e1ln\u00edm \u0159editelem spole\u010dnosti Wattstor\" \/>\n<meta property=\"og:description\" content=\"Stephan Marty p\u0159ich\u00e1z\u00ed do spole\u010dnosti Wattstor na pozici gener\u00e1ln\u00edho \u0159editele s\u00a0v\u00edce ne\u017e 20let\u00fdmi zku\u0161enostmi v\u00a0energetick\u00e9m pr\u016fmyslu.\" \/>\n<meta property=\"og:url\" content=\"https:\/\/wattstor.com\/cs\/insight\/wattstor-oznamuje-jmenovani-stephana-martyho-novym-generalnim-reditelem\/\" \/>\n<meta property=\"og:site_name\" content=\"Wattstor\" \/>\n<meta property=\"article:published_time\" content=\"2021-01-13T19:43:34+00:00\" \/>\n<meta property=\"article:modified_time\" content=\"2025-09-11T12:31:17+00:00\" \/>\n<meta property=\"og:image\" content=\"https:\/\/wattstor.com\/wp-content\/uploads\/2021\/09\/Stephan-Marty-FINAL-scaled-e1714997837764.jpg\" \/>\n\t<meta property=\"og:image:width\" content=\"1360\" \/>\n\t<meta property=\"og:image:height\" content=\"1403\" \/>\n\t<meta property=\"og:image:type\" content=\"image\/jpeg\" \/>\n<meta name=\"author\" content=\"peter\" \/>\n<meta name=\"twitter:card\" content=\"summary_large_image\" \/>\n<meta name=\"twitter:label1\" content=\"Napsal(a)\" \/>\n\t<meta name=\"twitter:data1\" content=\"peter\" \/>\n\t<meta name=\"twitter:label2\" content=\"Odhadovan\u00e1 doba \u010dten\u00ed\" \/>\n\t<meta name=\"twitter:data2\" content=\"3 minuty\" \/>\n<!-- \/ Yoast SEO plugin. -->","yoast_head_json":{"title":"Stephan Marty je nov\u00fdm gener\u00e1ln\u00edm \u0159editelem spole\u010dnosti Wattstor","description":"Stephan Marty p\u0159ich\u00e1z\u00ed do spole\u010dnosti Wattstor na pozici gener\u00e1ln\u00edho \u0159editele s\u00a0v\u00edce ne\u017e 20let\u00fdmi zku\u0161enostmi v\u00a0energetick\u00e9m pr\u016fmyslu.","robots":{"index":"index","follow":"follow","max-snippet":"max-snippet:-1","max-image-preview":"max-image-preview:large","max-video-preview":"max-video-preview:-1"},"canonical":"https:\/\/wattstor.com\/cs\/insight\/wattstor-oznamuje-jmenovani-stephana-martyho-novym-generalnim-reditelem\/","og_locale":"cs_CZ","og_type":"article","og_title":"Stephan Marty je nov\u00fdm gener\u00e1ln\u00edm \u0159editelem spole\u010dnosti Wattstor","og_description":"Stephan Marty p\u0159ich\u00e1z\u00ed do spole\u010dnosti Wattstor na pozici gener\u00e1ln\u00edho \u0159editele s\u00a0v\u00edce ne\u017e 20let\u00fdmi zku\u0161enostmi v\u00a0energetick\u00e9m pr\u016fmyslu.","og_url":"https:\/\/wattstor.com\/cs\/insight\/wattstor-oznamuje-jmenovani-stephana-martyho-novym-generalnim-reditelem\/","og_site_name":"Wattstor","article_published_time":"2021-01-13T19:43:34+00:00","article_modified_time":"2025-09-11T12:31:17+00:00","og_image":[{"width":1360,"height":1403,"url":"https:\/\/wattstor.com\/wp-content\/uploads\/2021\/09\/Stephan-Marty-FINAL-scaled-e1714997837764.jpg","type":"image\/jpeg"}],"author":"peter","twitter_card":"summary_large_image","twitter_misc":{"Napsal(a)":"peter","Odhadovan\u00e1 doba \u010dten\u00ed":"3 minuty"},"schema":{"@context":"https:\/\/schema.org","@graph":[{"@type":"Article","@id":"https:\/\/wattstor.com\/cs\/insight\/wattstor-oznamuje-jmenovani-stephana-martyho-novym-generalnim-reditelem\/#article","isPartOf":{"@id":"https:\/\/wattstor.com\/cs\/insight\/wattstor-oznamuje-jmenovani-stephana-martyho-novym-generalnim-reditelem\/"},"author":{"name":"peter","@id":"https:\/\/wattstor.com\/cs\/#\/schema\/person\/3037494f72cfe6af3600dfe5772a08ec"},"headline":"Spole\u010dnost Wattstor oznamuje jmenov\u00e1n\u00ed Stephana Martyho nov\u00fdm gener\u00e1ln\u00edm \u0159editelem","datePublished":"2021-01-13T19:43:34+00:00","dateModified":"2025-09-11T12:31:17+00:00","mainEntityOfPage":{"@id":"https:\/\/wattstor.com\/cs\/insight\/wattstor-oznamuje-jmenovani-stephana-martyho-novym-generalnim-reditelem\/"},"wordCount":698,"commentCount":0,"image":{"@id":"https:\/\/wattstor.com\/cs\/insight\/wattstor-oznamuje-jmenovani-stephana-martyho-novym-generalnim-reditelem\/#primaryimage"},"thumbnailUrl":"https:\/\/wattstor.com\/wp-content\/uploads\/2021\/01\/Stephan-Marty.jpg","articleSection":["Novinky"],"inLanguage":"cs","potentialAction":[{"@type":"CommentAction","name":"Comment","target":["https:\/\/wattstor.com\/cs\/insight\/wattstor-oznamuje-jmenovani-stephana-martyho-novym-generalnim-reditelem\/#respond"]}]},{"@type":"WebPage","@id":"https:\/\/wattstor.com\/cs\/insight\/wattstor-oznamuje-jmenovani-stephana-martyho-novym-generalnim-reditelem\/","url":"https:\/\/wattstor.com\/cs\/insight\/wattstor-oznamuje-jmenovani-stephana-martyho-novym-generalnim-reditelem\/","name":"Stephan Marty je nov\u00fdm gener\u00e1ln\u00edm \u0159editelem spole\u010dnosti Wattstor","isPartOf":{"@id":"https:\/\/wattstor.com\/cs\/#website"},"primaryImageOfPage":{"@id":"https:\/\/wattstor.com\/cs\/insight\/wattstor-oznamuje-jmenovani-stephana-martyho-novym-generalnim-reditelem\/#primaryimage"},"image":{"@id":"https:\/\/wattstor.com\/cs\/insight\/wattstor-oznamuje-jmenovani-stephana-martyho-novym-generalnim-reditelem\/#primaryimage"},"thumbnailUrl":"https:\/\/wattstor.com\/wp-content\/uploads\/2021\/01\/Stephan-Marty.jpg","datePublished":"2021-01-13T19:43:34+00:00","dateModified":"2025-09-11T12:31:17+00:00","author":{"@id":"https:\/\/wattstor.com\/cs\/#\/schema\/person\/3037494f72cfe6af3600dfe5772a08ec"},"description":"Stephan Marty p\u0159ich\u00e1z\u00ed do spole\u010dnosti Wattstor na pozici gener\u00e1ln\u00edho \u0159editele s\u00a0v\u00edce ne\u017e 20let\u00fdmi zku\u0161enostmi v\u00a0energetick\u00e9m pr\u016fmyslu.","breadcrumb":{"@id":"https:\/\/wattstor.com\/cs\/insight\/wattstor-oznamuje-jmenovani-stephana-martyho-novym-generalnim-reditelem\/#breadcrumb"},"inLanguage":"cs","potentialAction":[{"@type":"ReadAction","target":["https:\/\/wattstor.com\/cs\/insight\/wattstor-oznamuje-jmenovani-stephana-martyho-novym-generalnim-reditelem\/"]}]},{"@type":"ImageObject","inLanguage":"cs","@id":"https:\/\/wattstor.com\/cs\/insight\/wattstor-oznamuje-jmenovani-stephana-martyho-novym-generalnim-reditelem\/#primaryimage","url":"https:\/\/wattstor.com\/wp-content\/uploads\/2021\/01\/Stephan-Marty.jpg","contentUrl":"https:\/\/wattstor.com\/wp-content\/uploads\/2021\/01\/Stephan-Marty.jpg","width":1200,"height":819},{"@type":"BreadcrumbList","@id":"https:\/\/wattstor.com\/cs\/insight\/wattstor-oznamuje-jmenovani-stephana-martyho-novym-generalnim-reditelem\/#breadcrumb","itemListElement":[{"@type":"ListItem","position":1,"name":"Home","item":"https:\/\/wattstor.com\/cs\/"},{"@type":"ListItem","position":2,"name":"Spole\u010dnost Wattstor oznamuje jmenov\u00e1n\u00ed Stephana Martyho nov\u00fdm gener\u00e1ln\u00edm \u0159editelem"}]},{"@type":"WebSite","@id":"https:\/\/wattstor.com\/cs\/#website","url":"https:\/\/wattstor.com\/cs\/","name":"Wattstor","description":"Wattstor delivers intelligent energy management solutions for renewables, storage and EV charging on industrial and commercial sites.","potentialAction":[{"@type":"SearchAction","target":{"@type":"EntryPoint","urlTemplate":"https:\/\/wattstor.com\/cs\/?s={search_term_string}"},"query-input":{"@type":"PropertyValueSpecification","valueRequired":true,"valueName":"search_term_string"}}],"inLanguage":"cs"},{"@type":"Person","@id":"https:\/\/wattstor.com\/cs\/#\/schema\/person\/3037494f72cfe6af3600dfe5772a08ec","name":"peter","image":{"@type":"ImageObject","inLanguage":"cs","@id":"https:\/\/secure.gravatar.com\/avatar\/5db4f3f52456ec02571289de9745de51062e60dad27622aebc535ccab0efe163?s=96&d=mm&r=g","url":"https:\/\/secure.gravatar.com\/avatar\/5db4f3f52456ec02571289de9745de51062e60dad27622aebc535ccab0efe163?s=96&d=mm&r=g","contentUrl":"https:\/\/secure.gravatar.com\/avatar\/5db4f3f52456ec02571289de9745de51062e60dad27622aebc535ccab0efe163?s=96&d=mm&r=g","caption":"peter"},"url":"https:\/\/wattstor.com\/cs\/insight\/author\/peter\/"}]}},"_links":{"self":[{"href":"https:\/\/wattstor.com\/cs\/wp-json\/wp\/v2\/posts\/1427","targetHints":{"allow":["GET"]}}],"collection":[{"href":"https:\/\/wattstor.com\/cs\/wp-json\/wp\/v2\/posts"}],"about":[{"href":"https:\/\/wattstor.com\/cs\/wp-json\/wp\/v2\/types\/post"}],"author":[{"embeddable":true,"href":"https:\/\/wattstor.com\/cs\/wp-json\/wp\/v2\/users\/16"}],"replies":[{"embeddable":true,"href":"https:\/\/wattstor.com\/cs\/wp-json\/wp\/v2\/comments?post=1427"}],"version-history":[{"count":0,"href":"https:\/\/wattstor.com\/cs\/wp-json\/wp\/v2\/posts\/1427\/revisions"}],"wp:featuredmedia":[{"embeddable":true,"href":"https:\/\/wattstor.com\/cs\/wp-json\/wp\/v2\/media\/1328"}],"wp:attachment":[{"href":"https:\/\/wattstor.com\/cs\/wp-json\/wp\/v2\/media?parent=1427"}],"wp:term":[{"taxonomy":"category","embeddable":true,"href":"https:\/\/wattstor.com\/cs\/wp-json\/wp\/v2\/categories?post=1427"},{"taxonomy":"post_tag","embeddable":true,"href":"https:\/\/wattstor.com\/cs\/wp-json\/wp\/v2\/tags?post=1427"}],"curies":[{"name":"wp","href":"https:\/\/api.w.org\/{rel}","templated":true}]}}